{"id":196,"date":"2019-10-17T16:42:00","date_gmt":"2019-10-17T16:42:00","guid":{"rendered":"https:\/\/torrington.com.ar\/blog\/?p=196"},"modified":"2020-04-05T16:16:21","modified_gmt":"2020-04-05T16:16:21","slug":"proxima-capacitacion-8-11","status":"publish","type":"post","link":"https:\/\/torrington.com.ar\/blog\/eventos\/proxima-capacitacion-8-11\/","title":{"rendered":"\u00daltima Capacitaci\u00f3n Gratuita dictada el Viernes 8\/11\/19"},"content":{"rendered":"\n<h4>Los invitamos a capacitarse, y la concurrencia fue perfecta<\/h4>\n\n\n\n<h4>El Viernes 8 de Noviembre de 2019, a las 19 hrs, participamos de una charla GRATUITA coordinada por Gustavo Sisnieguez en el Centro de Formaci\u00f3n Profesional N\u00b0401 de Alte Brown ubicado en calle Jorge 3838, Rafael Calzada.<\/h4>\n\n\n\n<div style=\"height:50px\" aria-hidden=\"true\" class=\"wp-block-spacer\"><\/div>\n\n\n\n<p>Durante la jornada, se desarrollaron temas como:<br>?&nbsp;Nuevas tendencias en gases refrigerantes en el mercado. Presentado por Francisco Celano.<br>?&nbsp;La importancia del vac\u00edo en la refrigeraci\u00f3n.<br>?&nbsp;Tecnolog\u00eda y equipos Inverter. Presentado por Ruben Garrocho<br>?&nbsp;C\u00e1lculo de ca\u00f1o capilar. Presendo por Marco Llugdar<\/p>\n\n\n\n<h4><a href=\"http:\/\/giacomino.com.ar\/nov19\/index.html\">Ver galer\u00eda de im\u00e1genes<\/a><\/h4>\n\n\n\n<div style=\"height:50px\" aria-hidden=\"true\" class=\"wp-block-spacer\"><\/div>\n\n\n\n<h4>Participaron del evento los institutos <a href=\"http:\/\/caim.com.ar\/\">CAIM <\/a>CeCOT, los centros de formaci\u00f3n <a href=\"https:\/\/www.cerrefrigeracion.com.ar\/\">CER REFRIGERACI\u00d3N<\/a> y <a href=\"http:\/\/www.mitre29.com.ar\/\">CURSOS 29<\/a><\/h4>\n\n\n\n<h4>A aquellos interesados en participar en los proximos eventos, informamos que contamos con cupos limitados: para reservar lugar, enviar mensaje a &#109;&#x61;r&#x6b;e&#x74;i&#110;&#x67;&#64;&#x67;i&#x61;c&#111;&#x6d;i&#x6e;o&#x2e;c&#111;&#x6d;.&#x61;r <\/h4>\n\n\n\n<p><\/p>\n","protected":false},"excerpt":{"rendered":"<p>Los invitamos a capacitarse, y la concurrencia fue perfecta El Viernes 8 de Noviembre de 2019, a las 19 hrs,&hellip; <a class=\"read-more\" href=\"https:\/\/torrington.com.ar\/blog\/eventos\/proxima-capacitacion-8-11\/\">Continue Reading<\/a><\/p>\n","protected":false},"author":1,"featured_media":208,"comment_status":"open","ping_status":"open","sticky":false,"template":"","format":"standard","meta":{"_mi_skip_tracking":false},"categories":[7],"tags":[],"yoast_head":"<!-- This site is optimized with the Yoast SEO plugin v19.9 - https:\/\/yoast.com\/wordpress\/plugins\/seo\/ -->\n<title>\u00daltima Capacitaci\u00f3n Gratuita dictada el Viernes 8\/11\/19 | Torrington Refrigerantes<\/title>\n<meta name=\"robots\" content=\"index, follow, max-snippet:-1, max-image-preview:large, max-video-preview:-1\" \/>\n<link rel=\"canonical\" href=\"https:\/\/torrington.com.ar\/blog\/eventos\/proxima-capacitacion-8-11\/\" \/>\n<meta property=\"og:locale\" content=\"es_ES\" \/>\n<meta property=\"og:type\" content=\"article\" \/>\n<meta property=\"og:title\" content=\"\u00daltima Capacitaci\u00f3n Gratuita dictada el Viernes 8\/11\/19 | Torrington Refrigerantes\" \/>\n<meta property=\"og:description\" content=\"Los invitamos a capacitarse, y la concurrencia fue perfecta El Viernes 8 de Noviembre de 2019, a las 19 hrs,&hellip; Continue Reading\" \/>\n<meta property=\"og:url\" content=\"https:\/\/torrington.com.ar\/blog\/eventos\/proxima-capacitacion-8-11\/\" \/>\n<meta property=\"og:site_name\" content=\"Torrington Refrigerantes\" \/>\n<meta property=\"article:publisher\" content=\"https:\/\/www.facebook.com\/Torringtonrefrigerantes\/\" \/>\n<meta property=\"article:published_time\" content=\"2019-10-17T16:42:00+00:00\" \/>\n<meta property=\"article:modified_time\" content=\"2020-04-05T16:16:21+00:00\" \/>\n<meta property=\"og:image\" content=\"https:\/\/i0.wp.com\/torrington.com.ar\/blog\/wp-content\/uploads\/2019\/10\/CAPACITACION-GRATUITA-1.jpg?fit=1923%2C972&ssl=1\" \/>\n\t<meta property=\"og:image:width\" content=\"1923\" \/>\n\t<meta property=\"og:image:height\" content=\"972\" \/>\n\t<meta property=\"og:image:type\" content=\"image\/jpeg\" \/>\n<meta name=\"author\" content=\"Torrington Refrigerantes\" \/>\n<meta name=\"twitter:card\" content=\"summary_large_image\" \/>\n<meta name=\"twitter:label1\" content=\"Escrito por\" \/>\n\t<meta name=\"twitter:data1\" content=\"Torrington Refrigerantes\" \/>\n\t<meta name=\"twitter:label2\" content=\"Tiempo de lectura\" \/>\n\t<meta name=\"twitter:data2\" content=\"1 minuto\" \/>\n<script type=\"application\/ld+json\" class=\"yoast-schema-graph\">{\"@context\":\"https:\/\/schema.org\",\"@graph\":[{\"@type\":\"Article\",\"@id\":\"https:\/\/torrington.com.ar\/blog\/eventos\/proxima-capacitacion-8-11\/#article\",\"isPartOf\":{\"@id\":\"https:\/\/torrington.com.ar\/blog\/eventos\/proxima-capacitacion-8-11\/\"},\"author\":{\"name\":\"Torrington Refrigerantes\",\"@id\":\"https:\/\/torrington.com.ar\/blog\/#\/schema\/person\/c8010ae9af5cc59291fb5130f1e4ca06\"},\"headline\":\"\u00daltima Capacitaci\u00f3n Gratuita dictada el Viernes 8\/11\/19\",\"datePublished\":\"2019-10-17T16:42:00+00:00\",\"dateModified\":\"2020-04-05T16:16:21+00:00\",\"mainEntityOfPage\":{\"@id\":\"https:\/\/torrington.com.ar\/blog\/eventos\/proxima-capacitacion-8-11\/\"},\"wordCount\":149,\"commentCount\":0,\"publisher\":{\"@id\":\"https:\/\/torrington.com.ar\/blog\/#organization\"},\"articleSection\":[\"Eventos\"],\"inLanguage\":\"es-AR\",\"potentialAction\":[{\"@type\":\"CommentAction\",\"name\":\"Comment\",\"target\":[\"https:\/\/torrington.com.ar\/blog\/eventos\/proxima-capacitacion-8-11\/#respond\"]}]},{\"@type\":\"WebPage\",\"@id\":\"https:\/\/torrington.com.ar\/blog\/eventos\/proxima-capacitacion-8-11\/\",\"url\":\"https:\/\/torrington.com.ar\/blog\/eventos\/proxima-capacitacion-8-11\/\",\"name\":\"\u00daltima Capacitaci\u00f3n Gratuita dictada el Viernes 8\/11\/19 | Torrington Refrigerantes\",\"isPartOf\":{\"@id\":\"https:\/\/torrington.com.ar\/blog\/#website\"},\"datePublished\":\"2019-10-17T16:42:00+00:00\",\"dateModified\":\"2020-04-05T16:16:21+00:00\",\"breadcrumb\":{\"@id\":\"https:\/\/torrington.com.ar\/blog\/eventos\/proxima-capacitacion-8-11\/#breadcrumb\"},\"inLanguage\":\"es-AR\",\"potentialAction\":[{\"@type\":\"ReadAction\",\"target\":[\"https:\/\/torrington.com.ar\/blog\/eventos\/proxima-capacitacion-8-11\/\"]}]},{\"@type\":\"BreadcrumbList\",\"@id\":\"https:\/\/torrington.com.ar\/blog\/eventos\/proxima-capacitacion-8-11\/#breadcrumb\",\"itemListElement\":[{\"@type\":\"ListItem\",\"position\":1,\"name\":\"Portada\",\"item\":\"https:\/\/torrington.com.ar\/blog\/\"},{\"@type\":\"ListItem\",\"position\":2,\"name\":\"\u00daltima Capacitaci\u00f3n Gratuita dictada el Viernes 8\/11\/19\"}]},{\"@type\":\"WebSite\",\"@id\":\"https:\/\/torrington.com.ar\/blog\/#website\",\"url\":\"https:\/\/torrington.com.ar\/blog\/\",\"name\":\"Torrington Refrigerantes\",\"description\":\"Bienvenidos a nuestro Blog\",\"publisher\":{\"@id\":\"https:\/\/torrington.com.ar\/blog\/#organization\"},\"potentialAction\":[{\"@type\":\"SearchAction\",\"target\":{\"@type\":\"EntryPoint\",\"urlTemplate\":\"https:\/\/torrington.com.ar\/blog\/?s={search_term_string}\"},\"query-input\":\"required name=search_term_string\"}],\"inLanguage\":\"es-AR\"},{\"@type\":\"Organization\",\"@id\":\"https:\/\/torrington.com.ar\/blog\/#organization\",\"name\":\"Torrington Refrigerantes\",\"url\":\"https:\/\/torrington.com.ar\/blog\/\",\"logo\":{\"@type\":\"ImageObject\",\"inLanguage\":\"es-AR\",\"@id\":\"https:\/\/torrington.com.ar\/blog\/#\/schema\/logo\/image\/\",\"url\":\"https:\/\/i0.wp.com\/torrington.com.ar\/blog\/wp-content\/uploads\/2019\/08\/torrington.jpg?fit=240%2C240&ssl=1\",\"contentUrl\":\"https:\/\/i0.wp.com\/torrington.com.ar\/blog\/wp-content\/uploads\/2019\/08\/torrington.jpg?fit=240%2C240&ssl=1\",\"width\":240,\"height\":240,\"caption\":\"Torrington Refrigerantes\"},\"image\":{\"@id\":\"https:\/\/torrington.com.ar\/blog\/#\/schema\/logo\/image\/\"},\"sameAs\":[\"https:\/\/www.instagram.com\/torrington.refrigerantes\/\",\"https:\/\/www.facebook.com\/Torringtonrefrigerantes\/\"]},{\"@type\":\"Person\",\"@id\":\"https:\/\/torrington.com.ar\/blog\/#\/schema\/person\/c8010ae9af5cc59291fb5130f1e4ca06\",\"name\":\"Torrington Refrigerantes\",\"image\":{\"@type\":\"ImageObject\",\"inLanguage\":\"es-AR\",\"@id\":\"https:\/\/torrington.com.ar\/blog\/#\/schema\/person\/image\/\",\"url\":\"https:\/\/secure.gravatar.com\/avatar\/82938fb45c954b537e774d432c07da86?s=96&d=mm&r=g\",\"contentUrl\":\"https:\/\/secure.gravatar.com\/avatar\/82938fb45c954b537e774d432c07da86?s=96&d=mm&r=g\",\"caption\":\"Torrington Refrigerantes\"},\"url\":\"https:\/\/torrington.com.ar\/blog\/author\/admin\/\"}]}<\/script>\n<!-- \/ Yoast SEO plugin. -->","yoast_head_json":{"title":"\u00daltima Capacitaci\u00f3n Gratuita dictada el Viernes 8\/11\/19 | Torrington Refrigerantes","robots":{"index":"index","follow":"follow","max-snippet":"max-snippet:-1","max-image-preview":"max-image-preview:large","max-video-preview":"max-video-preview:-1"},"canonical":"https:\/\/torrington.com.ar\/blog\/eventos\/proxima-capacitacion-8-11\/","og_locale":"es_ES","og_type":"article","og_title":"\u00daltima Capacitaci\u00f3n Gratuita dictada el Viernes 8\/11\/19 | Torrington Refrigerantes","og_description":"Los invitamos a capacitarse, y la concurrencia fue perfecta El Viernes 8 de Noviembre de 2019, a las 19 hrs,&hellip; Continue Reading","og_url":"https:\/\/torrington.com.ar\/blog\/eventos\/proxima-capacitacion-8-11\/","og_site_name":"Torrington Refrigerantes","article_publisher":"https:\/\/www.facebook.com\/Torringtonrefrigerantes\/","article_published_time":"2019-10-17T16:42:00+00:00","article_modified_time":"2020-04-05T16:16:21+00:00","og_image":[{"width":1923,"height":972,"url":"https:\/\/i0.wp.com\/torrington.com.ar\/blog\/wp-content\/uploads\/2019\/10\/CAPACITACION-GRATUITA-1.jpg?fit=1923%2C972&ssl=1","type":"image\/jpeg"}],"author":"Torrington Refrigerantes","twitter_card":"summary_large_image","twitter_misc":{"Escrito por":"Torrington Refrigerantes","Tiempo de lectura":"1 minuto"},"schema":{"@context":"https:\/\/schema.org","@graph":[{"@type":"Article","@id":"https:\/\/torrington.com.ar\/blog\/eventos\/proxima-capacitacion-8-11\/#article","isPartOf":{"@id":"https:\/\/torrington.com.ar\/blog\/eventos\/proxima-capacitacion-8-11\/"},"author":{"name":"Torrington Refrigerantes","@id":"https:\/\/torrington.com.ar\/blog\/#\/schema\/person\/c8010ae9af5cc59291fb5130f1e4ca06"},"headline":"\u00daltima Capacitaci\u00f3n Gratuita dictada el Viernes 8\/11\/19","datePublished":"2019-10-17T16:42:00+00:00","dateModified":"2020-04-05T16:16:21+00:00","mainEntityOfPage":{"@id":"https:\/\/torrington.com.ar\/blog\/eventos\/proxima-capacitacion-8-11\/"},"wordCount":149,"commentCount":0,"publisher":{"@id":"https:\/\/torrington.com.ar\/blog\/#organization"},"articleSection":["Eventos"],"inLanguage":"es-AR","potentialAction":[{"@type":"CommentAction","name":"Comment","target":["https:\/\/torrington.com.ar\/blog\/eventos\/proxima-capacitacion-8-11\/#respond"]}]},{"@type":"WebPage","@id":"https:\/\/torrington.com.ar\/blog\/eventos\/proxima-capacitacion-8-11\/","url":"https:\/\/torrington.com.ar\/blog\/eventos\/proxima-capacitacion-8-11\/","name":"\u00daltima Capacitaci\u00f3n Gratuita dictada el Viernes 8\/11\/19 | Torrington Refrigerantes","isPartOf":{"@id":"https:\/\/torrington.com.ar\/blog\/#website"},"datePublished":"2019-10-17T16:42:00+00:00","dateModified":"2020-04-05T16:16:21+00:00","breadcrumb":{"@id":"https:\/\/torrington.com.ar\/blog\/eventos\/proxima-capacitacion-8-11\/#breadcrumb"},"inLanguage":"es-AR","potentialAction":[{"@type":"ReadAction","target":["https:\/\/torrington.com.ar\/blog\/eventos\/proxima-capacitacion-8-11\/"]}]},{"@type":"BreadcrumbList","@id":"https:\/\/torrington.com.ar\/blog\/eventos\/proxima-capacitacion-8-11\/#breadcrumb","itemListElement":[{"@type":"ListItem","position":1,"name":"Portada","item":"https:\/\/torrington.com.ar\/blog\/"},{"@type":"ListItem","position":2,"name":"\u00daltima Capacitaci\u00f3n Gratuita dictada el Viernes 8\/11\/19"}]},{"@type":"WebSite","@id":"https:\/\/torrington.com.ar\/blog\/#website","url":"https:\/\/torrington.com.ar\/blog\/","name":"Torrington Refrigerantes","description":"Bienvenidos a nuestro Blog","publisher":{"@id":"https:\/\/torrington.com.ar\/blog\/#organization"},"potentialAction":[{"@type":"SearchAction","target":{"@type":"EntryPoint","urlTemplate":"https:\/\/torrington.com.ar\/blog\/?s={search_term_string}"},"query-input":"required name=search_term_string"}],"inLanguage":"es-AR"},{"@type":"Organization","@id":"https:\/\/torrington.com.ar\/blog\/#organization","name":"Torrington Refrigerantes","url":"https:\/\/torrington.com.ar\/blog\/","logo":{"@type":"ImageObject","inLanguage":"es-AR","@id":"https:\/\/torrington.com.ar\/blog\/#\/schema\/logo\/image\/","url":"https:\/\/i0.wp.com\/torrington.com.ar\/blog\/wp-content\/uploads\/2019\/08\/torrington.jpg?fit=240%2C240&ssl=1","contentUrl":"https:\/\/i0.wp.com\/torrington.com.ar\/blog\/wp-content\/uploads\/2019\/08\/torrington.jpg?fit=240%2C240&ssl=1","width":240,"height":240,"caption":"Torrington Refrigerantes"},"image":{"@id":"https:\/\/torrington.com.ar\/blog\/#\/schema\/logo\/image\/"},"sameAs":["https:\/\/www.instagram.com\/torrington.refrigerantes\/","https:\/\/www.facebook.com\/Torringtonrefrigerantes\/"]},{"@type":"Person","@id":"https:\/\/torrington.com.ar\/blog\/#\/schema\/person\/c8010ae9af5cc59291fb5130f1e4ca06","name":"Torrington Refrigerantes","image":{"@type":"ImageObject","inLanguage":"es-AR","@id":"https:\/\/torrington.com.ar\/blog\/#\/schema\/person\/image\/","url":"https:\/\/secure.gravatar.com\/avatar\/82938fb45c954b537e774d432c07da86?s=96&d=mm&r=g","contentUrl":"https:\/\/secure.gravatar.com\/avatar\/82938fb45c954b537e774d432c07da86?s=96&d=mm&r=g","caption":"Torrington Refrigerantes"},"url":"https:\/\/torrington.com.ar\/blog\/author\/admin\/"}]}},"jetpack_featured_media_url":"https:\/\/i0.wp.com\/torrington.com.ar\/blog\/wp-content\/uploads\/2019\/10\/CAPACITACION-GRATUITA-1.jpg?fit=1923%2C972&ssl=1","_links":{"self":[{"href":"https:\/\/torrington.com.ar\/blog\/wp-json\/wp\/v2\/posts\/196"}],"collection":[{"href":"https:\/\/torrington.com.ar\/blog\/wp-json\/wp\/v2\/posts"}],"about":[{"href":"https:\/\/torrington.com.ar\/blog\/wp-json\/wp\/v2\/types\/post"}],"author":[{"embeddable":true,"href":"https:\/\/torrington.com.ar\/blog\/wp-json\/wp\/v2\/users\/1"}],"replies":[{"embeddable":true,"href":"https:\/\/torrington.com.ar\/blog\/wp-json\/wp\/v2\/comments?post=196"}],"version-history":[{"count":14,"href":"https:\/\/torrington.com.ar\/blog\/wp-json\/wp\/v2\/posts\/196\/revisions"}],"predecessor-version":[{"id":532,"href":"https:\/\/torrington.com.ar\/blog\/wp-json\/wp\/v2\/posts\/196\/revisions\/532"}],"wp:featuredmedia":[{"embeddable":true,"href":"https:\/\/torrington.com.ar\/blog\/wp-json\/wp\/v2\/media\/208"}],"wp:attachment":[{"href":"https:\/\/torrington.com.ar\/blog\/wp-json\/wp\/v2\/media?parent=196"}],"wp:term":[{"taxonomy":"category","embeddable":true,"href":"https:\/\/torrington.com.ar\/blog\/wp-json\/wp\/v2\/categories?post=196"},{"taxonomy":"post_tag","embeddable":true,"href":"https:\/\/torrington.com.ar\/blog\/wp-json\/wp\/v2\/tags?post=196"}],"curies":[{"name":"wp","href":"https:\/\/api.w.org\/{rel}","templated":true}]}}